{"id":402,"date":"2017-06-07T14:06:00","date_gmt":"2017-06-07T11:06:00","guid":{"rendered":"http:\/\/senolerdener.com\/vezamandurdu\/?p=402"},"modified":"2017-11-03T13:59:54","modified_gmt":"2017-11-03T10:59:54","slug":"coban-ve-torunu","status":"publish","type":"post","link":"https:\/\/senolerdener.com\/vezamandurdu\/coban-ve-torunu\/","title":{"rendered":"\u00c7OBAN ve TORUNU"},"content":{"rendered":"<p style=\"text-align: center;\">\u00c7oban ve Torunu<\/p>\n<p style=\"text-align: center;\">Yaz gelince yaylalara gitmek, yayla insan\u0131yla sohbet etmek ne g\u00fczel. Asl\u0131nda \u00e7oban day\u0131m\u0131z, k\u0131\u015f\u0131n bizim mahallede ya\u015farm\u0131\u015f. Her yaz mahalleden ayr\u0131l\u0131p , yaylalar\u0131 i\u00e7ine \u00e7ekermi\u015f.<\/p>\n<p style=\"text-align: center;\">Bizde gelip ge\u00e7iyor, yolcu da olsak yaylalar\u0131 ya\u015famaya \u00e7al\u0131\u015f\u0131yoruz ve tabi ki foto\u011fraflayarak, zamana not d\u00fc\u015ferek. \u00c7oban day\u0131m\u0131z torununa bu co\u011frafyada, birlikte \u00e7obanl\u0131k yaparak\u00a0 ne g\u00fczel geleneklerini ya\u015fatmaktad\u0131r. G\u00fcrb\u00fcz, \u00e7ocuk \u00e7oban\u0131m\u0131z hem okulunda ba\u015far\u0131l\u0131 hem de geleneklerine sahip ya\u015fay\u0131p gitmekte.<\/p>\n<p style=\"text-align: center;\">Y\u0131llar sonra yeniden kar\u015f\u0131la\u015f\u0131p foto\u011fraflayabilmek \u00fcmidiyle.<\/p>\n<p><img loading=\"lazy\" decoding=\"async\" class=\"size-medium wp-image-403 aligncenter\" src=\"http:\/\/senolerdener.com\/vezamandurdu\/wp-content\/uploads\/IMG_8080-11-600x400.jpg\" alt=\"\" width=\"600\" height=\"400\" srcset=\"https:\/\/senolerdener.com\/vezamandurdu\/wp-content\/uploads\/IMG_8080-11-600x400.jpg 600w, https:\/\/senolerdener.com\/vezamandurdu\/wp-content\/uploads\/IMG_8080-11-768x512.jpg 768w, https:\/\/senolerdener.com\/vezamandurdu\/wp-content\/uploads\/IMG_8080-11-1024x683.jpg 1024w, https:\/\/senolerdener.com\/vezamandurdu\/wp-content\/uploads\/IMG_8080-11-300x200.jpg 300w, https:\/\/senolerdener.com\/vezamandurdu\/wp-content\/uploads\/IMG_8080-11-508x339.jpg 508w, https:\/\/senolerdener.com\/vezamandurdu\/wp-content\/uploads\/IMG_8080-11.jpg 1191w\" sizes=\"auto, (max-width: 600px) 100vw, 600px\" \/><\/p>\n<p>&nbsp;<\/p>\n","protected":false},"excerpt":{"rendered":"<p>\u00c7oban ve Torunu Yaz gelince yaylalara gitmek, yayla insan\u0131yla sohbet etmek ne g\u00fczel. Asl\u0131nda \u00e7oban day\u0131m\u0131z, k\u0131\u015f\u0131n bizim mahallede ya\u015farm\u0131\u015f. Her yaz mahalleden ayr\u0131l\u0131p , yaylalar\u0131 i\u00e7ine \u00e7ekermi\u015f. Bizde gelip ge\u00e7iyor, yolcu da olsak yaylalar\u0131 ya\u015famaya \u00e7al\u0131\u015f\u0131yoruz ve tabi ki foto\u011fraflayarak, zamana not d\u00fc\u015ferek. \u00c7oban day\u0131m\u0131z torununa bu co\u011frafyada, birlikte \u00e7obanl\u0131k yaparak\u00a0 ne g\u00fczel geleneklerini [&hellip;]<\/p>\n","protected":false},"author":2,"featured_media":403,"comment_status":"closed","ping_status":"closed","sticky":false,"template":"","format":"standard","meta":{"footnotes":""},"categories":[5],"tags":[],"class_list":["post-402","post","type-post","status-publish","format-standard","has-post-thumbnail","hentry","category-blog"],"_links":{"self":[{"href":"https:\/\/senolerdener.com\/vezamandurdu\/wp-json\/wp\/v2\/posts\/402","targetHints":{"allow":["GET"]}}],"collection":[{"href":"https:\/\/senolerdener.com\/vezamandurdu\/wp-json\/wp\/v2\/posts"}],"about":[{"href":"https:\/\/senolerdener.com\/vezamandurdu\/wp-json\/wp\/v2\/types\/post"}],"author":[{"embeddable":true,"href":"https:\/\/senolerdener.com\/vezamandurdu\/wp-json\/wp\/v2\/users\/2"}],"replies":[{"embeddable":true,"href":"https:\/\/senolerdener.com\/vezamandurdu\/wp-json\/wp\/v2\/comments?post=402"}],"version-history":[{"count":2,"href":"https:\/\/senolerdener.com\/vezamandurdu\/wp-json\/wp\/v2\/posts\/402\/revisions"}],"predecessor-version":[{"id":406,"href":"https:\/\/senolerdener.com\/vezamandurdu\/wp-json\/wp\/v2\/posts\/402\/revisions\/406"}],"wp:featuredmedia":[{"embeddable":true,"href":"https:\/\/senolerdener.com\/vezamandurdu\/wp-json\/wp\/v2\/media\/403"}],"wp:attachment":[{"href":"https:\/\/senolerdener.com\/vezamandurdu\/wp-json\/wp\/v2\/media?parent=402"}],"wp:term":[{"taxonomy":"category","embeddable":true,"href":"https:\/\/senolerdener.com\/vezamandurdu\/wp-json\/wp\/v2\/categories?post=402"},{"taxonomy":"post_tag","embeddable":true,"href":"https:\/\/senolerdener.com\/vezamandurdu\/wp-json\/wp\/v2\/tags?post=402"}],"curies":[{"name":"wp","href":"https:\/\/api.w.org\/{rel}","templated":true}]}}