{"id":515,"date":"2017-11-03T13:55:14","date_gmt":"2017-11-03T10:55:14","guid":{"rendered":"http:\/\/senolerdener.com\/vezamandurdu\/?p=515"},"modified":"2017-11-03T13:57:13","modified_gmt":"2017-11-03T10:57:13","slug":"dede-ve-torun","status":"publish","type":"post","link":"https:\/\/senolerdener.com\/vezamandurdu\/dede-ve-torun\/","title":{"rendered":"Dede ve Torun"},"content":{"rendered":"<p>Zigana&#8217;day\u0131z yaylalar\u0131n en g\u00fczel zamanlar\u0131, aylardan Agustos. S\u00fcr\u00fcleriyle \u00e7obanlar yaylalara renk ve canl\u0131l\u0131k katmakta.<\/p>\n<p>Bir ara \u00e7ocuk \u00e7oban g\u00f6r\u00fcnce pe\u015finden gidiyoruz. O da bizim fak\u0131m\u0131za var\u0131nca \u00e7oban dedesinin yan\u0131na var\u0131yor. Selam\u0131m\u0131z\u0131 verip \u00e7ocu\u011fun \u0131\u015f\u0131ldayan g\u00f6zlerine, dedenin tebess\u00fcml\u00fc yanaklar\u0131na\u00a0 bakt\u0131m. S\u00fcr\u00fcn\u00fcn yo\u011funlu\u011fu ile birlikte \u00e7obanl\u0131k yapt\u0131klar\u0131n\u0131 anlad\u0131m. \u00c7ocuk yaz\u0131n dedeye yard\u0131ma geliyor, k\u0131\u015f\u0131n okuluna devam ediyordu.<\/p>\n<p><img loading=\"lazy\" decoding=\"async\" class=\"size-medium wp-image-516 aligncenter\" src=\"http:\/\/senolerdener.com\/vezamandurdu\/wp-content\/uploads\/IMG_8080-11-1-600x400.jpg\" alt=\"\" width=\"600\" height=\"400\" srcset=\"https:\/\/senolerdener.com\/vezamandurdu\/wp-content\/uploads\/IMG_8080-11-1-600x400.jpg 600w, https:\/\/senolerdener.com\/vezamandurdu\/wp-content\/uploads\/IMG_8080-11-1-768x512.jpg 768w, https:\/\/senolerdener.com\/vezamandurdu\/wp-content\/uploads\/IMG_8080-11-1-1024x683.jpg 1024w, https:\/\/senolerdener.com\/vezamandurdu\/wp-content\/uploads\/IMG_8080-11-1-300x200.jpg 300w, https:\/\/senolerdener.com\/vezamandurdu\/wp-content\/uploads\/IMG_8080-11-1-508x339.jpg 508w, https:\/\/senolerdener.com\/vezamandurdu\/wp-content\/uploads\/IMG_8080-11-1.jpg 1191w\" sizes=\"auto, (max-width: 600px) 100vw, 600px\" \/><\/p>\n<p>Dede y\u0131llar\u0131n yorgunlu\u011funa ra\u011fmen yine din\u00e7 ve vazifesinin pe\u015findeydi. Peygamber mesle\u011fi olan \u00e7obanl\u0131\u011f\u0131 torununa \u00f6\u011fretti\u011fi i\u00e7in de ayr\u0131ca gurur duyuyordu.<\/p>\n<p>Sizleri \u00f6zleyece\u011fiz diyerek onlardan ayr\u0131ld\u0131m.<\/p>\n","protected":false},"excerpt":{"rendered":"<p>Zigana&#8217;day\u0131z yaylalar\u0131n en g\u00fczel zamanlar\u0131, aylardan Agustos. S\u00fcr\u00fcleriyle \u00e7obanlar yaylalara renk ve canl\u0131l\u0131k katmakta. Bir ara \u00e7ocuk \u00e7oban g\u00f6r\u00fcnce pe\u015finden gidiyoruz. O da bizim fak\u0131m\u0131za var\u0131nca \u00e7oban dedesinin yan\u0131na var\u0131yor. Selam\u0131m\u0131z\u0131 verip \u00e7ocu\u011fun \u0131\u015f\u0131ldayan g\u00f6zlerine, dedenin tebess\u00fcml\u00fc yanaklar\u0131na\u00a0 bakt\u0131m. S\u00fcr\u00fcn\u00fcn yo\u011funlu\u011fu ile birlikte \u00e7obanl\u0131k yapt\u0131klar\u0131n\u0131 anlad\u0131m. \u00c7ocuk yaz\u0131n dedeye yard\u0131ma geliyor, k\u0131\u015f\u0131n okuluna devam ediyordu. [&hellip;]<\/p>\n","protected":false},"author":2,"featured_media":516,"comment_status":"closed","ping_status":"closed","sticky":false,"template":"","format":"standard","meta":{"footnotes":""},"categories":[5],"tags":[],"class_list":["post-515","post","type-post","status-publish","format-standard","has-post-thumbnail","hentry","category-blog"],"_links":{"self":[{"href":"https:\/\/senolerdener.com\/vezamandurdu\/wp-json\/wp\/v2\/posts\/515","targetHints":{"allow":["GET"]}}],"collection":[{"href":"https:\/\/senolerdener.com\/vezamandurdu\/wp-json\/wp\/v2\/posts"}],"about":[{"href":"https:\/\/senolerdener.com\/vezamandurdu\/wp-json\/wp\/v2\/types\/post"}],"author":[{"embeddable":true,"href":"https:\/\/senolerdener.com\/vezamandurdu\/wp-json\/wp\/v2\/users\/2"}],"replies":[{"embeddable":true,"href":"https:\/\/senolerdener.com\/vezamandurdu\/wp-json\/wp\/v2\/comments?post=515"}],"version-history":[{"count":4,"href":"https:\/\/senolerdener.com\/vezamandurdu\/wp-json\/wp\/v2\/posts\/515\/revisions"}],"predecessor-version":[{"id":520,"href":"https:\/\/senolerdener.com\/vezamandurdu\/wp-json\/wp\/v2\/posts\/515\/revisions\/520"}],"wp:featuredmedia":[{"embeddable":true,"href":"https:\/\/senolerdener.com\/vezamandurdu\/wp-json\/wp\/v2\/media\/516"}],"wp:attachment":[{"href":"https:\/\/senolerdener.com\/vezamandurdu\/wp-json\/wp\/v2\/media?parent=515"}],"wp:term":[{"taxonomy":"category","embeddable":true,"href":"https:\/\/senolerdener.com\/vezamandurdu\/wp-json\/wp\/v2\/categories?post=515"},{"taxonomy":"post_tag","embeddable":true,"href":"https:\/\/senolerdener.com\/vezamandurdu\/wp-json\/wp\/v2\/tags?post=515"}],"curies":[{"name":"wp","href":"https:\/\/api.w.org\/{rel}","templated":true}]}}